{"id":1013,"date":"2024-05-03T11:55:00","date_gmt":"2024-05-03T14:55:00","guid":{"rendered":"https:\/\/koffko.com.br\/?p=1013"},"modified":"2024-12-18T19:57:15","modified_gmt":"2024-12-18T22:57:15","slug":"piranews-festival-coreano-de-cinema-tem-inscricoes-abertas-para-producoes","status":"publish","type":"post","link":"https:\/\/koffko.com.br\/pt\/piranews-festival-coreano-de-cinema-tem-inscricoes-abertas-para-producoes\/","title":{"rendered":"R\u00c1DIO JOVEM PAN &#8211; Festival coreano de cinema tem inscri\u00e7\u00f5es abertas para produ\u00e7\u00f5es"},"content":{"rendered":"<p>Confira os destaques desta edi\u00e7\u00e3o:<\/p>\n\n\n\n<p>&#8211; Festival coreano de cinema tem inscri\u00e7\u00f5es abertas para produ\u00e7\u00f5es <a href=\"https:\/\/www.instagram.com\/koffko_\/\">@koffko_<\/a><\/p>\n\n\n\n<p>&#8211; Munic\u00edpio e Conepir criam canal para den\u00fancias de racismo <a href=\"https:\/\/www.instagram.com\/prefeituradepiracicaba\/\">@prefeituradepiracicaba<\/a><a href=\"https:\/\/www.instagram.com\/conepir\/\">@conepir<\/a><\/p>\n\n\n\n<p>&#8211; Sa\u00fade amplia vacina\u00e7\u00e3o contra gripe para todos os p\u00fablicos <a href=\"https:\/\/www.instagram.com\/secretaria_municipal_de_saude\/\">@secretaria_municipal_de_saude<\/a><\/p>\n\n\n\n<p>\ud83d\udcfb \ud83c\udfa7\ud83d\udc95<\/p>\n\n\n\n<p><a href=\"https:\/\/www.instagram.com\/explore\/tags\/piranews\/\">#piranews<\/a><a href=\"https:\/\/www.instagram.com\/explore\/tags\/piranewsnapan\/\">#piranewsnapan<\/a><a href=\"https:\/\/www.instagram.com\/explore\/tags\/informativonoradio\/\">#informativonoradio<\/a><a href=\"https:\/\/www.instagram.com\/explore\/tags\/noticiaispiracicaba\/\">#noticiaispiracicaba<\/a><a href=\"https:\/\/www.instagram.com\/explore\/tags\/comunicacao\/\">#comunicacao<\/a><a href=\"https:\/\/www.instagram.com\/explore\/tags\/engenhodanoticia\/\">#engenhodanoticia<\/a><a href=\"https:\/\/www.instagram.com\/explore\/tags\/jovempanpiracicaba\/\">#jovempanpiracicaba<\/a><\/p>\n\n\n\n<p>Data: 03\/05\/2024<\/p>","protected":false},"excerpt":{"rendered":"<p>Confira os destaques desta edi\u00e7\u00e3o: &#8211; Festival coreano de cinema tem inscri\u00e7\u00f5es abertas para produ\u00e7\u00f5es @koffko_ &#8211; Munic\u00edpio e Conepir criam canal para den\u00fancias de racismo @prefeituradepiracicaba@conepir &#8211; Sa\u00fade amplia vacina\u00e7\u00e3o contra gripe para todos os p\u00fablicos @secretaria_municipal_de_saude \ud83d\udcfb \ud83c\udfa7\ud83d\udc95 #piranews#piranewsnapan#informativonoradio#noticiaispiracicaba#comunicacao#engenhodanoticia#jovempanpiracicaba Data: 03\/05\/2024<\/p>","protected":false},"author":1,"featured_media":1014,"comment_status":"closed","ping_status":"closed","sticky":false,"template":"","format":"standard","meta":{"footnotes":""},"categories":[5],"tags":[],"class_list":["post-1013","post","type-post","status-publish","format-standard","has-post-thumbnail","hentry","category-noticias"],"_links":{"self":[{"href":"https:\/\/koffko.com.br\/pt\/wp-json\/wp\/v2\/posts\/1013","targetHints":{"allow":["GET"]}}],"collection":[{"href":"https:\/\/koffko.com.br\/pt\/wp-json\/wp\/v2\/posts"}],"about":[{"href":"https:\/\/koffko.com.br\/pt\/wp-json\/wp\/v2\/types\/post"}],"author":[{"embeddable":true,"href":"https:\/\/koffko.com.br\/pt\/wp-json\/wp\/v2\/users\/1"}],"replies":[{"embeddable":true,"href":"https:\/\/koffko.com.br\/pt\/wp-json\/wp\/v2\/comments?post=1013"}],"version-history":[{"count":5,"href":"https:\/\/koffko.com.br\/pt\/wp-json\/wp\/v2\/posts\/1013\/revisions"}],"predecessor-version":[{"id":1896,"href":"https:\/\/koffko.com.br\/pt\/wp-json\/wp\/v2\/posts\/1013\/revisions\/1896"}],"wp:featuredmedia":[{"embeddable":true,"href":"https:\/\/koffko.com.br\/pt\/wp-json\/wp\/v2\/media\/1014"}],"wp:attachment":[{"href":"https:\/\/koffko.com.br\/pt\/wp-json\/wp\/v2\/media?parent=1013"}],"wp:term":[{"taxonomy":"category","embeddable":true,"href":"https:\/\/koffko.com.br\/pt\/wp-json\/wp\/v2\/categories?post=1013"},{"taxonomy":"post_tag","embeddable":true,"href":"https:\/\/koffko.com.br\/pt\/wp-json\/wp\/v2\/tags?post=1013"}],"curies":[{"name":"wp","href":"https:\/\/api.w.org\/{rel}","templated":true}]}}