{"id":1375,"date":"2024-10-22T08:43:29","date_gmt":"2024-10-22T11:43:29","guid":{"rendered":"https:\/\/koffko.com.br\/?p=1375"},"modified":"2024-10-29T08:45:13","modified_gmt":"2024-10-29T11:45:13","slug":"festival-de-cinema-coreano-exibe-de-graca-filmes-como-vidas-passadas-e-exhuma-em-sp","status":"publish","type":"post","link":"https:\/\/koffko.com.br\/pt\/festival-de-cinema-coreano-exibe-de-graca-filmes-como-vidas-passadas-e-exhuma-em-sp\/","title":{"rendered":"Festival de cinema coreano exibe de gra\u00e7a filmes como &#8216;Vidas Passadas&#8217; e &#8216;Exhuma&#8217; em SP"},"content":{"rendered":"<p>Pelo segundo ano, o Korean Film Festival (Koff), festival de&nbsp;<a href=\"https:\/\/www1.folha.uol.com.br\/folha-topicos\/cinema\/\">cinema<\/a>&nbsp;dedicado a produ\u00e7\u00f5es da&nbsp;<a href=\"https:\/\/www1.folha.uol.com.br\/folha-topicos\/coreia-do-sul\/\">Coreia do Sul<\/a>, leva \u00e0 capital paulista sess\u00f5es gratuitas de sucessos de bilheteria do pa\u00eds asi\u00e1tico e filmes in\u00e9ditos no Brasil.<br><a href=\"https:\/\/redir.folha.com.br\/redir\/online\/ilustrada\/rss091\/*https:\/\/guia.folha.uol.com.br\/cinema\/2024\/09\/festival-de-cinema-coreano-exibe-de-graca-filmes-como-vidas-passadas-e-exhuma-em-sp.shtml\">Leia mais<\/a>&nbsp;(09\/24\/2024 &#8211; 23h00)<\/p>\n\n\n\n<p><strong>Fonte:<\/strong>\u00a0<a href=\"https:\/\/redir.folha.com.br\/redir\/online\/ilustrada\/rss091\/*https:\/\/guia.folha.uol.com.br\/cinema\/2024\/09\/festival-de-cinema-coreano-exibe-de-graca-filmes-como-vidas-passadas-e-exhuma-em-sp.shtml \">https:\/\/redir.folha.com.br\/redir\/online\/ilustrada\/rss091\/*https:\/\/guia.folha.uol.com.br\/cinema\/2024\/09\/festival-de-cinema-coreano-exibe-de-graca-filmes-como-vidas-passadas-e-exhuma-em-sp.shtml <\/a><\/p>\n\n\n\n<p><\/p>","protected":false},"excerpt":{"rendered":"<p>Pelo segundo ano, o Korean Film Festival (Koff), festival de&nbsp;cinema&nbsp;dedicado a produ\u00e7\u00f5es da&nbsp;Coreia do Sul, leva \u00e0 capital paulista sess\u00f5es gratuitas de sucessos de bilheteria do pa\u00eds asi\u00e1tico e filmes in\u00e9ditos no Brasil.Leia mais&nbsp;(09\/24\/2024 &#8211; 23h00) Fonte:\u00a0https:\/\/redir.folha.com.br\/redir\/online\/ilustrada\/rss091\/*https:\/\/guia.folha.uol.com.br\/cinema\/2024\/09\/festival-de-cinema-coreano-exibe-de-graca-filmes-como-vidas-passadas-e-exhuma-em-sp.shtml<\/p>","protected":false},"author":1,"featured_media":1376,"comment_status":"closed","ping_status":"closed","sticky":false,"template":"","format":"standard","meta":{"footnotes":""},"categories":[5],"tags":[],"class_list":["post-1375","post","type-post","status-publish","format-standard","has-post-thumbnail","hentry","category-noticias"],"_links":{"self":[{"href":"https:\/\/koffko.com.br\/pt\/wp-json\/wp\/v2\/posts\/1375","targetHints":{"allow":["GET"]}}],"collection":[{"href":"https:\/\/koffko.com.br\/pt\/wp-json\/wp\/v2\/posts"}],"about":[{"href":"https:\/\/koffko.com.br\/pt\/wp-json\/wp\/v2\/types\/post"}],"author":[{"embeddable":true,"href":"https:\/\/koffko.com.br\/pt\/wp-json\/wp\/v2\/users\/1"}],"replies":[{"embeddable":true,"href":"https:\/\/koffko.com.br\/pt\/wp-json\/wp\/v2\/comments?post=1375"}],"version-history":[{"count":1,"href":"https:\/\/koffko.com.br\/pt\/wp-json\/wp\/v2\/posts\/1375\/revisions"}],"predecessor-version":[{"id":1377,"href":"https:\/\/koffko.com.br\/pt\/wp-json\/wp\/v2\/posts\/1375\/revisions\/1377"}],"wp:featuredmedia":[{"embeddable":true,"href":"https:\/\/koffko.com.br\/pt\/wp-json\/wp\/v2\/media\/1376"}],"wp:attachment":[{"href":"https:\/\/koffko.com.br\/pt\/wp-json\/wp\/v2\/media?parent=1375"}],"wp:term":[{"taxonomy":"category","embeddable":true,"href":"https:\/\/koffko.com.br\/pt\/wp-json\/wp\/v2\/categories?post=1375"},{"taxonomy":"post_tag","embeddable":true,"href":"https:\/\/koffko.com.br\/pt\/wp-json\/wp\/v2\/tags?post=1375"}],"curies":[{"name":"wp","href":"https:\/\/api.w.org\/{rel}","templated":true}]}}