{"id":1418,"date":"2024-10-22T17:46:55","date_gmt":"2024-10-22T20:46:55","guid":{"rendered":"https:\/\/koffko.com.br\/?p=1418"},"modified":"2024-10-29T17:48:26","modified_gmt":"2024-10-29T20:48:26","slug":"koff-2024-durante-coletiva-de-imprensa-equipe-fala-sobre-selecao-de-titulos-para-o-festival-de-cinema-coreano","status":"publish","type":"post","link":"https:\/\/koffko.com.br\/pt\/koff-2024-durante-coletiva-de-imprensa-equipe-fala-sobre-selecao-de-titulos-para-o-festival-de-cinema-coreano\/","title":{"rendered":"KOFF 2024 | Durante coletiva de imprensa, equipe fala sobre sele\u00e7\u00e3o de t\u00edtulos para o Festival de Cinema Coreano"},"content":{"rendered":"<p>Hoje (26), aconteceu a abertura da segunda edi\u00e7\u00e3o do&nbsp;<strong>KOFF (Korean Film Festival)<\/strong>, que nesse ano,&nbsp;acontece entre os dias 3 e 9 de outubro, no cinema&nbsp;<strong>Reserva Cultural<\/strong>, localizada na Avenida Paulista, em S\u00e3o Paulo pr\u00f3ximo ao Objetivo. Ser\u00e3o duas salas dispon\u00edveis para a exibi\u00e7\u00e3o de 60 filmes coreanos com entrada gratuita em todas as sess\u00f5es.<\/p>\n\n\n\n<p>Tivemos a oportunidade de acompanhar a coletiva de imprensa com a equipe da organiza\u00e7\u00e3o do Festival e no mesmo dia, tamb\u00e9m assistimos \u00e0 estreia de&nbsp;<strong>Exhuma,<\/strong>&nbsp;filme&nbsp; de terror que at\u00e9 ent\u00e3o, configura a maior bilheteria do ano na Cor\u00e9ia.<\/p>\n\n\n\n<p>Ler mat\u00e9ria: <a href=\"https:\/\/www.amelie-mag.com\/2024\/09\/koff-2024-durante-coletiva-de-imprensa.html\">Clique Aqui<\/a><\/p>","protected":false},"excerpt":{"rendered":"<p>Hoje (26), aconteceu a abertura da segunda edi\u00e7\u00e3o do&nbsp;KOFF (Korean Film Festival), que nesse ano,&nbsp;acontece entre os dias 3 e 9 de outubro, no cinema&nbsp;Reserva Cultural, localizada na Avenida Paulista, em S\u00e3o Paulo pr\u00f3ximo ao Objetivo. Ser\u00e3o duas salas dispon\u00edveis para a exibi\u00e7\u00e3o de 60 filmes coreanos com entrada gratuita em todas as sess\u00f5es. Tivemos [&hellip;]<\/p>","protected":false},"author":1,"featured_media":1419,"comment_status":"closed","ping_status":"closed","sticky":false,"template":"","format":"standard","meta":{"footnotes":""},"categories":[5],"tags":[],"class_list":["post-1418","post","type-post","status-publish","format-standard","has-post-thumbnail","hentry","category-noticias"],"_links":{"self":[{"href":"https:\/\/koffko.com.br\/pt\/wp-json\/wp\/v2\/posts\/1418","targetHints":{"allow":["GET"]}}],"collection":[{"href":"https:\/\/koffko.com.br\/pt\/wp-json\/wp\/v2\/posts"}],"about":[{"href":"https:\/\/koffko.com.br\/pt\/wp-json\/wp\/v2\/types\/post"}],"author":[{"embeddable":true,"href":"https:\/\/koffko.com.br\/pt\/wp-json\/wp\/v2\/users\/1"}],"replies":[{"embeddable":true,"href":"https:\/\/koffko.com.br\/pt\/wp-json\/wp\/v2\/comments?post=1418"}],"version-history":[{"count":1,"href":"https:\/\/koffko.com.br\/pt\/wp-json\/wp\/v2\/posts\/1418\/revisions"}],"predecessor-version":[{"id":1420,"href":"https:\/\/koffko.com.br\/pt\/wp-json\/wp\/v2\/posts\/1418\/revisions\/1420"}],"wp:featuredmedia":[{"embeddable":true,"href":"https:\/\/koffko.com.br\/pt\/wp-json\/wp\/v2\/media\/1419"}],"wp:attachment":[{"href":"https:\/\/koffko.com.br\/pt\/wp-json\/wp\/v2\/media?parent=1418"}],"wp:term":[{"taxonomy":"category","embeddable":true,"href":"https:\/\/koffko.com.br\/pt\/wp-json\/wp\/v2\/categories?post=1418"},{"taxonomy":"post_tag","embeddable":true,"href":"https:\/\/koffko.com.br\/pt\/wp-json\/wp\/v2\/tags?post=1418"}],"curies":[{"name":"wp","href":"https:\/\/api.w.org\/{rel}","templated":true}]}}