{"id":1439,"date":"2024-10-22T18:07:22","date_gmt":"2024-10-22T21:07:22","guid":{"rendered":"https:\/\/koffko.com.br\/?p=1439"},"modified":"2024-10-29T18:08:28","modified_gmt":"2024-10-29T21:08:28","slug":"koff-korean-film-festival-2024-em-sao-paulo","status":"publish","type":"post","link":"https:\/\/koffko.com.br\/pt\/koff-korean-film-festival-2024-em-sao-paulo\/","title":{"rendered":"KOFF &#8211; Korean Film Festival 2024 em S\u00e3o Paulo"},"content":{"rendered":"<p><strong>De 3 a 9 de outubro<\/strong>, o\u00a0<strong>Cine Reserva Cultural<\/strong>\u00a0receber\u00e1 a segunda edi\u00e7\u00e3o do\u00a0<strong>KOFF \u2013 Festival de Cinema Coreano<\/strong>, organizado pelo Instituto S\u00e3o Paulo de Arte e Cultura (ISPAC). O evento, com curadoria de Rubens Rewald, exibir\u00e1 as principais produ\u00e7\u00f5es comerciais e independentes lan\u00e7adas entre 2022 e 2024. A\u00a0<strong>entrada \u00e9 gratuita<\/strong>.<\/p>\n\n\n\n<p>O KOFF reafirma seu papel como uma ponte cultural significativa entre o Brasil e a Coreia do Sul, com mais de 60 filmes, a maioria in\u00e9ditos no pa\u00eds, nas mostras competitiva e n\u00e3o competitiva. O cinema sul-coreano se destaca por unir tem\u00e1ticas fortes e est\u00e9ticas inovadoras, mantendo um di\u00e1logo direto e acess\u00edvel com o p\u00fablico.<\/p>\n\n\n\n<p>Na Mostra Competitiva, foram selecionados mais de 40 filmes de cineastas emergentes, escolhidos entre 325 inscritos da Coreia do Sul e Brasil. Entre os longas em exibi\u00e7\u00e3o est\u00e3o \u201cTable for Two\u201d, \u201cBirth\u201d e \u201cJuhee from 5 to 7\u201d. J\u00e1 na Mostra N\u00e3o Competitiva, os destaques incluem \u201cPast Lives\u201d, \u201cSpring in Seoul\u201d, \u201cExhuma\u201d, \u201cSleep\u201d e \u201cRoad to Boston\u201d.<\/p>\n\n\n\n<p>Ler mat\u00e9ria: <a href=\"https:\/\/www.guiadasemana.com.br\/sao-paulo\/cinema\/evento\/koff-korean-film-festival-2024-2024-10-03\">Clique Aqui<\/a><\/p>","protected":false},"excerpt":{"rendered":"<p>De 3 a 9 de outubro, o\u00a0Cine Reserva Cultural\u00a0receber\u00e1 a segunda edi\u00e7\u00e3o do\u00a0KOFF \u2013 Festival de Cinema Coreano, organizado pelo Instituto S\u00e3o Paulo de Arte e Cultura (ISPAC). O evento, com curadoria de Rubens Rewald, exibir\u00e1 as principais produ\u00e7\u00f5es comerciais e independentes lan\u00e7adas entre 2022 e 2024. A\u00a0entrada \u00e9 gratuita. O KOFF reafirma seu papel [&hellip;]<\/p>","protected":false},"author":1,"featured_media":1406,"comment_status":"closed","ping_status":"closed","sticky":false,"template":"","format":"standard","meta":{"footnotes":""},"categories":[5],"tags":[],"class_list":["post-1439","post","type-post","status-publish","format-standard","has-post-thumbnail","hentry","category-noticias"],"_links":{"self":[{"href":"https:\/\/koffko.com.br\/pt\/wp-json\/wp\/v2\/posts\/1439","targetHints":{"allow":["GET"]}}],"collection":[{"href":"https:\/\/koffko.com.br\/pt\/wp-json\/wp\/v2\/posts"}],"about":[{"href":"https:\/\/koffko.com.br\/pt\/wp-json\/wp\/v2\/types\/post"}],"author":[{"embeddable":true,"href":"https:\/\/koffko.com.br\/pt\/wp-json\/wp\/v2\/users\/1"}],"replies":[{"embeddable":true,"href":"https:\/\/koffko.com.br\/pt\/wp-json\/wp\/v2\/comments?post=1439"}],"version-history":[{"count":1,"href":"https:\/\/koffko.com.br\/pt\/wp-json\/wp\/v2\/posts\/1439\/revisions"}],"predecessor-version":[{"id":1440,"href":"https:\/\/koffko.com.br\/pt\/wp-json\/wp\/v2\/posts\/1439\/revisions\/1440"}],"wp:featuredmedia":[{"embeddable":true,"href":"https:\/\/koffko.com.br\/pt\/wp-json\/wp\/v2\/media\/1406"}],"wp:attachment":[{"href":"https:\/\/koffko.com.br\/pt\/wp-json\/wp\/v2\/media?parent=1439"}],"wp:term":[{"taxonomy":"category","embeddable":true,"href":"https:\/\/koffko.com.br\/pt\/wp-json\/wp\/v2\/categories?post=1439"},{"taxonomy":"post_tag","embeddable":true,"href":"https:\/\/koffko.com.br\/pt\/wp-json\/wp\/v2\/tags?post=1439"}],"curies":[{"name":"wp","href":"https:\/\/api.w.org\/{rel}","templated":true}]}}