{"id":1768,"date":"2024-09-20T08:38:00","date_gmt":"2024-09-20T11:38:00","guid":{"rendered":"https:\/\/koffko.com.br\/?p=1768"},"modified":"2024-12-18T19:50:52","modified_gmt":"2024-12-18T22:50:52","slug":"cabana-geek-festival-de-cinema-coreano-koff-chega-no-reserva-cultural","status":"publish","type":"post","link":"https:\/\/koffko.com.br\/pt\/cabana-geek-festival-de-cinema-coreano-koff-chega-no-reserva-cultural\/","title":{"rendered":"CABANA GEEK &#8211; Festival de Cinema Coreano \u2013 KOFF chega no Reserva Cultural"},"content":{"rendered":"<p><strong>O evento contar\u00e1 com mais de 40 filmes no cat\u00e1logo<\/strong><\/p>\n\n\n\n<p>O&nbsp;<strong>Cabana Geek<\/strong>&nbsp;traz aqui uma super dica para quem \u00e9 f\u00e3 de cinema coreano e curte as novas produ\u00e7\u00f5es audiovisuais que est\u00e3o dominando o pa\u00eds.<\/p>\n\n\n\n<p>O&nbsp;<a href=\"https:\/\/www.reservacultural.com.br\/\"><strong>Reserva Cultural<\/strong><\/a>&nbsp;apresenta a segunda edi\u00e7\u00e3o do&nbsp;<a href=\"https:\/\/koffko.com.br\/pt\/\"><strong>Festival de Cinema Coreano \u2013 KOFF<\/strong><\/a>, que ser\u00e1 entre 03 e 09 de outubro na Avenida Paulista. O evento \u00e9 gratuito, mas \u00e9 necess\u00e1rio garantir o ingresso no site do festival.<\/p>\n\n\n\n<p>Ler mat\u00e9ria: <a href=\"https:\/\/cabanageek.com.br\/festival-de-cinema-coreano-koff-chega-no-reserva-cultural\/\" target=\"_blank\" rel=\"noreferrer noopener\">Clique Aqui<\/a><\/p>\n\n\n\n<p>Data: 20\/09\/2024<\/p>","protected":false},"excerpt":{"rendered":"<p>O evento contar\u00e1 com mais de 40 filmes no cat\u00e1logo O&nbsp;Cabana Geek&nbsp;traz aqui uma super dica para quem \u00e9 f\u00e3 de cinema coreano e curte as novas produ\u00e7\u00f5es audiovisuais que est\u00e3o dominando o pa\u00eds. O&nbsp;Reserva Cultural&nbsp;apresenta a segunda edi\u00e7\u00e3o do&nbsp;Festival de Cinema Coreano \u2013 KOFF, que ser\u00e1 entre 03 e 09 de outubro na Avenida [&hellip;]<\/p>","protected":false},"author":1,"featured_media":1769,"comment_status":"closed","ping_status":"closed","sticky":false,"template":"","format":"standard","meta":{"footnotes":""},"categories":[5],"tags":[],"class_list":["post-1768","post","type-post","status-publish","format-standard","has-post-thumbnail","hentry","category-noticias"],"_links":{"self":[{"href":"https:\/\/koffko.com.br\/pt\/wp-json\/wp\/v2\/posts\/1768","targetHints":{"allow":["GET"]}}],"collection":[{"href":"https:\/\/koffko.com.br\/pt\/wp-json\/wp\/v2\/posts"}],"about":[{"href":"https:\/\/koffko.com.br\/pt\/wp-json\/wp\/v2\/types\/post"}],"author":[{"embeddable":true,"href":"https:\/\/koffko.com.br\/pt\/wp-json\/wp\/v2\/users\/1"}],"replies":[{"embeddable":true,"href":"https:\/\/koffko.com.br\/pt\/wp-json\/wp\/v2\/comments?post=1768"}],"version-history":[{"count":3,"href":"https:\/\/koffko.com.br\/pt\/wp-json\/wp\/v2\/posts\/1768\/revisions"}],"predecessor-version":[{"id":1875,"href":"https:\/\/koffko.com.br\/pt\/wp-json\/wp\/v2\/posts\/1768\/revisions\/1875"}],"wp:featuredmedia":[{"embeddable":true,"href":"https:\/\/koffko.com.br\/pt\/wp-json\/wp\/v2\/media\/1769"}],"wp:attachment":[{"href":"https:\/\/koffko.com.br\/pt\/wp-json\/wp\/v2\/media?parent=1768"}],"wp:term":[{"taxonomy":"category","embeddable":true,"href":"https:\/\/koffko.com.br\/pt\/wp-json\/wp\/v2\/categories?post=1768"},{"taxonomy":"post_tag","embeddable":true,"href":"https:\/\/koffko.com.br\/pt\/wp-json\/wp\/v2\/tags?post=1768"}],"curies":[{"name":"wp","href":"https:\/\/api.w.org\/{rel}","templated":true}]}}