{"id":1818,"date":"2024-10-01T09:32:00","date_gmt":"2024-10-01T12:32:00","guid":{"rendered":"https:\/\/koffko.com.br\/?p=1818"},"modified":"2024-12-18T19:56:49","modified_gmt":"2024-12-18T22:56:49","slug":"o-fuxico-andre-garolli-marca-presenca-na-cabine-do-koff-festival-de-cinema-coreano","status":"publish","type":"post","link":"https:\/\/koffko.com.br\/pt\/o-fuxico-andre-garolli-marca-presenca-na-cabine-do-koff-festival-de-cinema-coreano\/","title":{"rendered":"O FUXICO &#8211; Andr\u00e9 Garolli marca presen\u00e7a na cabine do Koff-Festival de Cinema Coreano"},"content":{"rendered":"<p>O ator e diretor Andr\u00e9 Garolli marcou presen\u00e7a na cabine de imprensa da segunda edi\u00e7\u00e3o do KOFF \u2013 Festival de Cinema Coreano, realizado no Cine Reserva Cultural.<\/p>\n\n\n\n<p>Ler mat\u00e9ria: <a href=\"https:\/\/ofuxico.com.br\/noticias\/andre-garolli-marca-presenca-na-cabine-do-koff-festival-de-cinema-coreano\/\" target=\"_blank\" rel=\"noreferrer noopener\">Clique Aqui<\/a><\/p>\n\n\n\n<p>Data: 01\/10\/2024<\/p>","protected":false},"excerpt":{"rendered":"<p>O ator e diretor Andr\u00e9 Garolli marcou presen\u00e7a na cabine de imprensa da segunda edi\u00e7\u00e3o do KOFF \u2013 Festival de Cinema Coreano, realizado no Cine Reserva Cultural. Ler mat\u00e9ria: Clique Aqui Data: 01\/10\/2024<\/p>","protected":false},"author":1,"featured_media":1819,"comment_status":"closed","ping_status":"closed","sticky":false,"template":"","format":"standard","meta":{"footnotes":""},"categories":[5],"tags":[],"class_list":["post-1818","post","type-post","status-publish","format-standard","has-post-thumbnail","hentry","category-noticias"],"_links":{"self":[{"href":"https:\/\/koffko.com.br\/pt\/wp-json\/wp\/v2\/posts\/1818","targetHints":{"allow":["GET"]}}],"collection":[{"href":"https:\/\/koffko.com.br\/pt\/wp-json\/wp\/v2\/posts"}],"about":[{"href":"https:\/\/koffko.com.br\/pt\/wp-json\/wp\/v2\/types\/post"}],"author":[{"embeddable":true,"href":"https:\/\/koffko.com.br\/pt\/wp-json\/wp\/v2\/users\/1"}],"replies":[{"embeddable":true,"href":"https:\/\/koffko.com.br\/pt\/wp-json\/wp\/v2\/comments?post=1818"}],"version-history":[{"count":3,"href":"https:\/\/koffko.com.br\/pt\/wp-json\/wp\/v2\/posts\/1818\/revisions"}],"predecessor-version":[{"id":1894,"href":"https:\/\/koffko.com.br\/pt\/wp-json\/wp\/v2\/posts\/1818\/revisions\/1894"}],"wp:featuredmedia":[{"embeddable":true,"href":"https:\/\/koffko.com.br\/pt\/wp-json\/wp\/v2\/media\/1819"}],"wp:attachment":[{"href":"https:\/\/koffko.com.br\/pt\/wp-json\/wp\/v2\/media?parent=1818"}],"wp:term":[{"taxonomy":"category","embeddable":true,"href":"https:\/\/koffko.com.br\/pt\/wp-json\/wp\/v2\/categories?post=1818"},{"taxonomy":"post_tag","embeddable":true,"href":"https:\/\/koffko.com.br\/pt\/wp-json\/wp\/v2\/tags?post=1818"}],"curies":[{"name":"wp","href":"https:\/\/api.w.org\/{rel}","templated":true}]}}