{"id":967,"date":"2024-10-18T10:20:44","date_gmt":"2024-10-18T13:20:44","guid":{"rendered":"https:\/\/koffko.com.br\/?p=967"},"modified":"2024-10-18T10:59:52","modified_gmt":"2024-10-18T13:59:52","slug":"facebook-viletim-2o-korean-film-festival-koff","status":"publish","type":"post","link":"https:\/\/koffko.com.br\/pt\/facebook-viletim-2o-korean-film-festival-koff\/","title":{"rendered":"Facebook Viletim &#8211; 2\u00ba Korean Film Festival (KOFF)"},"content":{"rendered":"<p>Em 15 de agosto \u00e9 celebrado o Dia da Libera\u00e7\u00e3o da Coreia e o Dia da Cultura Coreana em Piracicaba. A data foi escolhida para iniciar o 2\u00ba Korean Film Festival (KOFF). A programa\u00e7\u00e3o acontecer\u00e1 de 15 a 18 de agosto em Piracicaba e de 1\u00aa a 6 de outubro em S\u00e3o Paulo.<br><br>Abrir link da mat\u00e9ria: <a href=\"https:\/\/www.facebook.com\/permalink.php?story_fbid=pfbid0yJtW1cAgkWrWKFUFGXTK9N1JHLDY2hYonH9FZ74UBriD3CbrsPSKfhSc2keZWDMsl&amp;id=61557920392456\">https:\/\/www.facebook.com\/permalink.php?story_fbid=pfbid0yJtW1cAgkWrWKFUFGXTK9N1JHLDY2hYonH9FZ74UBriD3CbrsPSKfhSc2keZWDMsl&amp;id=61557920392456<\/a><\/p>\n\n\n\n<p>O p\u00fablico ir\u00e1 encontrar na telona do KOFF os seus atores coreanos preferidos. Trazendo consigo a vibrante cultura cinematogr\u00e1fica sul-coreana, o festival \u00e9 uma oportunidade imperd\u00edvel para os amantes do cinema e interessados na cultura da Coreia do Sul.<\/p>\n\n\n\n<p>Com uma ambienta\u00e7\u00e3o coreana especialmente preparada para receber a plateia, al\u00e9m de atividades exclusivas durante a programa\u00e7\u00e3o, ser\u00e3o exibidos mais de 40 filmes no Teatro do Engenho Central, com ingressos gratuitos.<\/p>\n\n\n\n<p>Em 2023, o festival teve sua estreia, coincidindo com os 60 anos da imigra\u00e7\u00e3o coreana no Brasil, com um p\u00fablico de 14 mil pessoas em S\u00e3o Paulo e Piracicaba. Alcan\u00e7ou ainda 1 milh\u00e3o de visualiza\u00e7\u00f5es nas redes sociais. O 1\u00ba KOFF apresentou obras aclamadas como \u201cParasita\u201d, \u201cMinari\u201d e \u201cOldboy\u201d.<\/p>\n\n\n\n<p>Aten\u00e7\u00e3o Cineastas, Produtores e Estudantes de Cinema, inscrevam seus Filmes!<\/p>\n\n\n\n<p>A Segunda edi\u00e7\u00e3o do Korean Film Festival (KOFF) est\u00e1 com inscri\u00e7\u00f5es abertas para a Mostra Competitiva com pr\u00eamios que somam R$ 30 mil.<\/p>\n\n\n\n<p>KOFF oferece uma oportunidade \u00fanica para trabalhos cinematogr\u00e1ficos de diversos g\u00eaneros, que celebram a rica cultura da Coreia do Sul. A inscri\u00e7\u00e3o \u00e9 gratuita e acontece at\u00e9 10 de junho para Longas-Metragens e at\u00e9 15 de junho para Curtas-Metragens.<\/p>\n\n\n\n<p>Seu filme dever\u00e1 ter sido conclu\u00eddo ap\u00f3s janeiro de 2022. Os interessados em participar podem encontrar o regulamento e as instru\u00e7\u00f5es no site do festival (<a href=\"https:\/\/l.facebook.com\/l.php?u=http%3A%2F%2Fwww.koffko.com.br%2F%3Ffbclid%3DIwZXh0bgNhZW0CMTAAAR3tjBom6hlFHWKfE5gLnXwT9syx3WJgUM2Oq4A6_QwgeUugdlfgxq8UZ58_aem_2eLm4BPg5uosXcPrtUaIfw&amp;h=AT2L2hwOjGH_chEc-8YnmcRzm48cmwc73xDdarPw7OmQQnby7MSstft0swtiyz_IugLf1ScEhtPV3vNDFjCaEXO1No4ysp5t74p7-ldHoxmt0islMQ8hVPNC_9qiKhhbJQ&amp;__tn__=-UK-R&amp;c[0]=AT3RppgAE2bK4rmqmDunE1b4qoBPJldU11qcp_hGZu0XCkJLA8SOIfHHvQNr0xwQk3ycfv6stf5b6pdBYqQD953SdDqj8-cPB1Na9Er2ZapD5n8tSESGPNw8e7QjOBB4S-XucuRQqOkwCCMENQsLPAKbLxXL2tnp8ZPgtluxaNsa77_HhdQMsU3-oxxY0YZogwhlKA\" rel=\"noreferrer noopener\" target=\"_blank\">www.koffko.com.br<\/a>) ou por meio do link da conta oficial do KOFF no Instagram (@koffko_).<\/p>\n\n\n\n<p>SERVI\u00c7O<\/p>\n\n\n\n<p>KOFF 2024: Inscri\u00e7\u00e3o de Longas-Metragens e Curtas-Metragens<\/p>\n\n\n\n<p>Curtas-Metragens: 15\/03 a 15\/06\/2024<\/p>\n\n\n\n<p>Longas-Metragens: 15\/03 a 10\/06\/2024<\/p>\n\n\n\n<p><img decoding=\"async\" height=\"16\" width=\"16\" alt=\"\ud83d\udd14\" src=\"https:\/\/static.xx.fbcdn.net\/images\/emoji.php\/v9\/t30\/1\/16\/1f514.png\"> Leia mais em:<\/p>\n\n\n\n<p><a href=\"http:\/\/www.viletim.com.br\/?fbclid=IwZXh0bgNhZW0CMTAAAR2BT9zeVdqILO2rzwQ_cAO1lxNsIzjTzVvFkpbWbteqeuY44wqxS98snUA_aem_gT81n306XcuqMXcNQOOs4w\" rel=\"noreferrer noopener\" target=\"_blank\">www.viletim.com.br<\/a><\/p>\n\n\n\n<p>@site_viletim<\/p>\n\n\n\n<p>O link est\u00e1 na Bio!<\/p>","protected":false},"excerpt":{"rendered":"<p>Em 15 de agosto \u00e9 celebrado o Dia da Libera\u00e7\u00e3o da Coreia e o Dia da Cultura Coreana em Piracicaba. A data foi escolhida para iniciar o 2\u00ba Korean Film Festival (KOFF). A programa\u00e7\u00e3o acontecer\u00e1 de 15 a 18 de agosto em Piracicaba e de 1\u00aa a 6 de outubro em S\u00e3o Paulo. Abrir link [&hellip;]<\/p>","protected":false},"author":1,"featured_media":968,"comment_status":"closed","ping_status":"closed","sticky":false,"template":"","format":"standard","meta":{"footnotes":""},"categories":[5],"tags":[],"class_list":["post-967","post","type-post","status-publish","format-standard","has-post-thumbnail","hentry","category-noticias"],"_links":{"self":[{"href":"https:\/\/koffko.com.br\/pt\/wp-json\/wp\/v2\/posts\/967","targetHints":{"allow":["GET"]}}],"collection":[{"href":"https:\/\/koffko.com.br\/pt\/wp-json\/wp\/v2\/posts"}],"about":[{"href":"https:\/\/koffko.com.br\/pt\/wp-json\/wp\/v2\/types\/post"}],"author":[{"embeddable":true,"href":"https:\/\/koffko.com.br\/pt\/wp-json\/wp\/v2\/users\/1"}],"replies":[{"embeddable":true,"href":"https:\/\/koffko.com.br\/pt\/wp-json\/wp\/v2\/comments?post=967"}],"version-history":[{"count":2,"href":"https:\/\/koffko.com.br\/pt\/wp-json\/wp\/v2\/posts\/967\/revisions"}],"predecessor-version":[{"id":985,"href":"https:\/\/koffko.com.br\/pt\/wp-json\/wp\/v2\/posts\/967\/revisions\/985"}],"wp:featuredmedia":[{"embeddable":true,"href":"https:\/\/koffko.com.br\/pt\/wp-json\/wp\/v2\/media\/968"}],"wp:attachment":[{"href":"https:\/\/koffko.com.br\/pt\/wp-json\/wp\/v2\/media?parent=967"}],"wp:term":[{"taxonomy":"category","embeddable":true,"href":"https:\/\/koffko.com.br\/pt\/wp-json\/wp\/v2\/categories?post=967"},{"taxonomy":"post_tag","embeddable":true,"href":"https:\/\/koffko.com.br\/pt\/wp-json\/wp\/v2\/tags?post=967"}],"curies":[{"name":"wp","href":"https:\/\/api.w.org\/{rel}","templated":true}]}}